{"id":1651,"date":"2022-09-05T22:16:32","date_gmt":"2022-09-06T02:16:32","guid":{"rendered":"https:\/\/luciomosquini.com.br\/?p=1651"},"modified":"2022-09-05T22:16:33","modified_gmt":"2022-09-06T02:16:33","slug":"reuniao-de-apoio-a-mosquini-e-negao-filho-do-isau-reune-mais-de-500-pessoas-na-noite-desta-segunda-feira-05-em-ji-parana","status":"publish","type":"post","link":"https:\/\/luciomosquini.com.br\/index.php\/2022\/09\/05\/reuniao-de-apoio-a-mosquini-e-negao-filho-do-isau-reune-mais-de-500-pessoas-na-noite-desta-segunda-feira-05-em-ji-parana\/","title":{"rendered":"Reuni\u00e3o de apoio \u00e0 Mosquini e Neg\u00e3o filho do Isa\u00fa re\u00fane mais de 500 pessoas na noite desta segunda-feira (05) em Ji-Paran\u00e1"},"content":{"rendered":"\n<p>\u201cAinda sem acreditar no dia de hoje! Fechando a noite com essa mega reuni\u00e3o organizada pelo nosso amigo Jonatas Fran\u00e7a, e nosso candidato a deputado estadual Neg\u00e3o Filho do Isa\u00fa.<\/p>\n\n\n\n<p>Muita demonstra\u00e7\u00e3o de carinho e apoio dos meus amigos jiparanaenses, voc\u00eas s\u00e3o incr\u00edveis, a casa encheu e faltou lugar para acomodar todo mundo.<\/p>\n\n\n\n<p>Isso nos traz a motiva\u00e7\u00e3o e coragem necess\u00e1rias para seguir trabalhando como sempre fiz pelo nosso estado de Rond\u00f4nia<\/p>\n\n\n\n<p>Mais uma vez, meu muito obrigado a todos <a><\/a>que participaram dessa grande festa!<\/p>\n\n\n\n<p>Nosso Futuro \u00e9 Agora!<\/p>\n\n\n\n<p>Ji-Paran\u00e1 vota 1555 para deputado federal, e 15.555 para deputado estadual\u201d.<\/p>\n\n\n\n<p><a href=\"https:\/\/www.facebook.com\/photo\/?fbid=614171266737006&set=pcb.614171386736994&__cft__[0]=AZV6AWsZ135GLNW-OPAq-2a3NEyDytKYxeRGIVdP0o5tPeniPMdLeLpV0jP9rd7aX9qD5PMB9CMxo_ZmX6p5piBgxtKSSNIyjByTOTld7qNIR_-E94X6wVJdX2aXP3Mrkw5IgwrZqsQ6LZ-TmdmQU2TEL0sx-VMFYcMERLf9RNjHKw&__tn__=*bH-R\"><\/a><\/p>\n\n\n\n<figure class=\"wp-block-image\"><a href=\"https:\/\/www.facebook.com\/photo\/?fbid=614171266737006&set=pcb.614171386736994&__cft__[0]=AZV6AWsZ135GLNW-OPAq-2a3NEyDytKYxeRGIVdP0o5tPeniPMdLeLpV0jP9rd7aX9qD5PMB9CMxo_ZmX6p5piBgxtKSSNIyjByTOTld7qNIR_-E94X6wVJdX2aXP3Mrkw5IgwrZqsQ6LZ-TmdmQU2TEL0sx-VMFYcMERLf9RNjHKw&__tn__=*bH-R\"><img src=\"https:\/\/scontent.fpvh5-1.fna.fbcdn.net\/v\/t39.30808-6\/305642913_614171233403676_3927897984910536330_n.jpg?stp=dst-jpg_s600x600&_nc_cat=104&ccb=1-7&_nc_sid=730e14&_nc_eui2=AeGg9R0VSDmkcYW7bxz-nYbzA1KFRa5IEYsDUoVFrkgRi17oCH2cjpFn-_-fZWTHqGuL2DfPsge2PoyHeqT7RFy_&_nc_ohc=wKuZkghiWjgAX_gfqlK&_nc_ht=scontent.fpvh5-1.fna&oh=00_AT-3oqn_-65fhmTA_r_ol9QC_SZFBy7ZEPS0Wv3wIXdaUQ&oe=631B4587\" alt=\"\" \/><\/a><\/figure>\n\n\n\n<p><a href=\"https:\/\/www.facebook.com\/photo\/?fbid=614171260070340&set=pcb.614171386736994&__cft__[0]=AZV6AWsZ135GLNW-OPAq-2a3NEyDytKYxeRGIVdP0o5tPeniPMdLeLpV0jP9rd7aX9qD5PMB9CMxo_ZmX6p5piBgxtKSSNIyjByTOTld7qNIR_-E94X6wVJdX2aXP3Mrkw5IgwrZqsQ6LZ-TmdmQU2TEL0sx-VMFYcMERLf9RNjHKw&__tn__=*bH-R\"><\/a><\/p>\n\n\n\n<figure class=\"wp-block-image\"><a href=\"https:\/\/www.facebook.com\/photo\/?fbid=614171260070340&set=pcb.614171386736994&__cft__[0]=AZV6AWsZ135GLNW-OPAq-2a3NEyDytKYxeRGIVdP0o5tPeniPMdLeLpV0jP9rd7aX9qD5PMB9CMxo_ZmX6p5piBgxtKSSNIyjByTOTld7qNIR_-E94X6wVJdX2aXP3Mrkw5IgwrZqsQ6LZ-TmdmQU2TEL0sx-VMFYcMERLf9RNjHKw&__tn__=*bH-R\"><img src=\"https:\/\/scontent.fpvh5-1.fna.fbcdn.net\/v\/t39.30808-6\/305829826_614171226737010_8889985113567117358_n.jpg?stp=dst-jpg_s600x600&_nc_cat=101&ccb=1-7&_nc_sid=730e14&_nc_eui2=AeHRGFsbrSN8pv0f2FDsnq0cxwcIXDU9HKjHBwhcNT0cqH6fmPqQr1XaGLRQjw7R_lWEMgud_LJ4WpFqyRhcclaL&_nc_ohc=ltXCqbM4cx0AX-oDwjR&_nc_ht=scontent.fpvh5-1.fna&oh=00_AT9CpLvtl4g8_Bnn-iBTwKjyqowO4pnYyoewoF4SlsP24g&oe=631B0CCC\" alt=\"\" \/><\/a><\/figure>\n\n\n\n<p><a href=\"https:\/\/www.facebook.com\/photo\/?fbid=614171250070341&set=pcb.614171386736994&__cft__[0]=AZV6AWsZ135GLNW-OPAq-2a3NEyDytKYxeRGIVdP0o5tPeniPMdLeLpV0jP9rd7aX9qD5PMB9CMxo_ZmX6p5piBgxtKSSNIyjByTOTld7qNIR_-E94X6wVJdX2aXP3Mrkw5IgwrZqsQ6LZ-TmdmQU2TEL0sx-VMFYcMERLf9RNjHKw&__tn__=*bH-R\"><\/a><\/p>\n\n\n\n<figure class=\"wp-block-image\"><a href=\"https:\/\/www.facebook.com\/photo\/?fbid=614171250070341&set=pcb.614171386736994&__cft__[0]=AZV6AWsZ135GLNW-OPAq-2a3NEyDytKYxeRGIVdP0o5tPeniPMdLeLpV0jP9rd7aX9qD5PMB9CMxo_ZmX6p5piBgxtKSSNIyjByTOTld7qNIR_-E94X6wVJdX2aXP3Mrkw5IgwrZqsQ6LZ-TmdmQU2TEL0sx-VMFYcMERLf9RNjHKw&__tn__=*bH-R\"><img src=\"https:\/\/scontent.fpvh5-1.fna.fbcdn.net\/v\/t39.30808-6\/305564353_614171210070345_4885709043281127997_n.jpg?stp=dst-jpg_s600x600&_nc_cat=109&ccb=1-7&_nc_sid=730e14&_nc_eui2=AeHxUpwtb98rT6_zqX19Z4Y1mDGFk0fDEXyYMYWTR8MRfFfEd08fQDs-Ywe6KzJe73xUep5asbxIG1GhBH0GUwxO&_nc_ohc=4cLeiuevBhkAX9aHCMI&_nc_ht=scontent.fpvh5-1.fna&oh=00_AT9WZIP_Tmni5TfhtkC6bYadvWOevS4F0bvD4OXCVf3PVw&oe=631B4400\" alt=\"\" \/><\/a><\/figure>\n\n\n\n<p><a href=\"https:\/\/www.facebook.com\/photo\/?fbid=614171243403675&set=pcb.614171386736994&__cft__[0]=AZV6AWsZ135GLNW-OPAq-2a3NEyDytKYxeRGIVdP0o5tPeniPMdLeLpV0jP9rd7aX9qD5PMB9CMxo_ZmX6p5piBgxtKSSNIyjByTOTld7qNIR_-E94X6wVJdX2aXP3Mrkw5IgwrZqsQ6LZ-TmdmQU2TEL0sx-VMFYcMERLf9RNjHKw&__tn__=*bH-R\"><\/a><\/p>\n\n\n\n<figure class=\"wp-block-image\"><a href=\"https:\/\/www.facebook.com\/photo\/?fbid=614171243403675&set=pcb.614171386736994&__cft__[0]=AZV6AWsZ135GLNW-OPAq-2a3NEyDytKYxeRGIVdP0o5tPeniPMdLeLpV0jP9rd7aX9qD5PMB9CMxo_ZmX6p5piBgxtKSSNIyjByTOTld7qNIR_-E94X6wVJdX2aXP3Mrkw5IgwrZqsQ6LZ-TmdmQU2TEL0sx-VMFYcMERLf9RNjHKw&__tn__=*bH-R\"><img src=\"https:\/\/scontent.fpvh5-1.fna.fbcdn.net\/v\/t39.30808-6\/305406862_614171223403677_528570994134634818_n.jpg?stp=dst-jpg_s600x600&_nc_cat=111&ccb=1-7&_nc_sid=730e14&_nc_eui2=AeGM1qE7Uxo75qVGNHL713k9iDmCb2dTcfCIOYJvZ1Nx8Os3bx4NhSjIH0Qp_ugBxQe0Pgl1JiCPle6LsF0tvx1F&_nc_ohc=5LGGUdwJg18AX-nkd3W&_nc_ht=scontent.fpvh5-1.fna&oh=00_AT_HhQrfRur6rflA3wGVW98ICnB9jsiZaNzrBj_BFVookA&oe=631C558B\" alt=\"\" \/><\/a><\/figure>\n\n\n\n<p><a href=\"https:\/\/www.facebook.com\/photo\/?fbid=614171273403672&set=pcb.614171386736994&__cft__[0]=AZV6AWsZ135GLNW-OPAq-2a3NEyDytKYxeRGIVdP0o5tPeniPMdLeLpV0jP9rd7aX9qD5PMB9CMxo_ZmX6p5piBgxtKSSNIyjByTOTld7qNIR_-E94X6wVJdX2aXP3Mrkw5IgwrZqsQ6LZ-TmdmQU2TEL0sx-VMFYcMERLf9RNjHKw&__tn__=*bH-R\"><\/a><\/p>\n\n\n\n<figure class=\"wp-block-image\"><a href=\"https:\/\/www.facebook.com\/photo\/?fbid=614171273403672&set=pcb.614171386736994&__cft__[0]=AZV6AWsZ135GLNW-OPAq-2a3NEyDytKYxeRGIVdP0o5tPeniPMdLeLpV0jP9rd7aX9qD5PMB9CMxo_ZmX6p5piBgxtKSSNIyjByTOTld7qNIR_-E94X6wVJdX2aXP3Mrkw5IgwrZqsQ6LZ-TmdmQU2TEL0sx-VMFYcMERLf9RNjHKw&__tn__=*bH-R\"><img src=\"https:\/\/scontent.fpvh5-1.fna.fbcdn.net\/v\/t39.30808-6\/305621787_614171216737011_7333212237076561707_n.jpg?stp=dst-jpg_s600x600&_nc_cat=108&ccb=1-7&_nc_sid=730e14&_nc_eui2=AeH_FGoLxWhJpEhEBpqRYjmLM1dpvY0dHmkzV2m9jR0eabIoQhFGGFHEzqajRrkb4J1XyVlWfOC3JavLIDTd_vnD&_nc_ohc=A7w1k9D6cjUAX960HKd&_nc_ht=scontent.fpvh5-1.fna&oh=00_AT9qRd4mutfcWChJ0gHgyaI8fLBTGiiRLzxCD3CNeMOTew&oe=631B4CD5\" alt=\"\" \/><\/a><\/figure>\n\n\n\n<figure class=\"wp-block-image size-large\"><img loading=\"lazy\" width=\"1024\" height=\"768\" src=\"https:\/\/luciomosquini.com.br\/wp-content\/uploads\/2022\/09\/9-1024x768.jpg\" alt=\"\" class=\"wp-image-1652\" srcset=\"https:\/\/luciomosquini.com.br\/wp-content\/uploads\/2022\/09\/9-1024x768.jpg 1024w, https:\/\/luciomosquini.com.br\/wp-content\/uploads\/2022\/09\/9-300x225.jpg 300w, https:\/\/luciomosquini.com.br\/wp-content\/uploads\/2022\/09\/9-768x576.jpg 768w, https:\/\/luciomosquini.com.br\/wp-content\/uploads\/2022\/09\/9-1536x1152.jpg 1536w, https:\/\/luciomosquini.com.br\/wp-content\/uploads\/2022\/09\/9.jpg 1600w\" sizes=\"(max-width: 1024px) 100vw, 1024px\" \/><\/figure>\n\n\n\n<figure class=\"wp-block-image size-large\"><img loading=\"lazy\" width=\"1024\" height=\"768\" src=\"https:\/\/luciomosquini.com.br\/wp-content\/uploads\/2022\/09\/99-1024x768.jpg\" alt=\"\" class=\"wp-image-1653\" srcset=\"https:\/\/luciomosquini.com.br\/wp-content\/uploads\/2022\/09\/99-1024x768.jpg 1024w, https:\/\/luciomosquini.com.br\/wp-content\/uploads\/2022\/09\/99-300x225.jpg 300w, https:\/\/luciomosquini.com.br\/wp-content\/uploads\/2022\/09\/99-768x576.jpg 768w, https:\/\/luciomosquini.com.br\/wp-content\/uploads\/2022\/09\/99-1536x1152.jpg 1536w, https:\/\/luciomosquini.com.br\/wp-content\/uploads\/2022\/09\/99.jpg 1600w\" sizes=\"(max-width: 1024px) 100vw, 1024px\" \/><\/figure>\n\n\n\n<p><\/p>\n","protected":false},"excerpt":{"rendered":"<p>\u201cAinda sem acreditar no dia de hoje! Fechando a noite com essa mega reuni\u00e3o organizada pelo nosso amigo Jonatas Fran\u00e7a, e nosso candidato a deputado estadual Neg\u00e3o Filho do Isa\u00fa. Muita demonstra\u00e7\u00e3o de carinho e apoio dos meus amigos jiparanaenses, voc\u00eas s\u00e3o incr\u00edveis, a casa encheu e faltou lugar para acomodar todo mundo. Isso nos [&hellip;]<\/p>\n","protected":false},"author":2,"featured_media":1652,"comment_status":"open","ping_status":"open","sticky":false,"template":"","format":"standard","meta":[],"categories":[93],"tags":[],"yoast_head":"<!-- This site is optimized with the Yoast SEO plugin v20.6 - https:\/\/yoast.com\/wordpress\/plugins\/seo\/ -->\n<title>Reuni\u00e3o de apoio \u00e0 Mosquini e Neg\u00e3o filho do Isa\u00fa re\u00fane mais de 500 pessoas na noite desta segunda-feira (05) em Ji-Paran\u00e1 - Lucio Mosquini<\/title>\n<meta name=\"robots\" content=\"index, follow, max-snippet:-1, max-image-preview:large, max-video-preview:-1\" \/>\n<link rel=\"canonical\" href=\"https:\/\/luciomosquini.com.br\/index.php\/2022\/09\/05\/reuniao-de-apoio-a-mosquini-e-negao-filho-do-isau-reune-mais-de-500-pessoas-na-noite-desta-segunda-feira-05-em-ji-parana\/\" \/>\n<meta property=\"og:locale\" content=\"pt_BR\" \/>\n<meta property=\"og:type\" content=\"article\" \/>\n<meta property=\"og:title\" content=\"Reuni\u00e3o de apoio \u00e0 Mosquini e Neg\u00e3o filho do Isa\u00fa re\u00fane mais de 500 pessoas na noite desta segunda-feira (05) em Ji-Paran\u00e1 - Lucio Mosquini\" \/>\n<meta property=\"og:description\" content=\"\u201cAinda sem acreditar no dia de hoje! Fechando a noite com essa mega reuni\u00e3o organizada pelo nosso amigo Jonatas Fran\u00e7a, e nosso candidato a deputado estadual Neg\u00e3o Filho do Isa\u00fa. Muita demonstra\u00e7\u00e3o de carinho e apoio dos meus amigos jiparanaenses, voc\u00eas s\u00e3o incr\u00edveis, a casa encheu e faltou lugar para acomodar todo mundo. Isso nos [&hellip;]\" \/>\n<meta property=\"og:url\" content=\"https:\/\/luciomosquini.com.br\/index.php\/2022\/09\/05\/reuniao-de-apoio-a-mosquini-e-negao-filho-do-isau-reune-mais-de-500-pessoas-na-noite-desta-segunda-feira-05-em-ji-parana\/\" \/>\n<meta property=\"og:site_name\" content=\"Lucio Mosquini\" \/>\n<meta property=\"article:publisher\" content=\"https:\/\/www.facebook.com\/deputadoluciomosquini\" \/>\n<meta property=\"article:published_time\" content=\"2022-09-06T02:16:32+00:00\" \/>\n<meta property=\"article:modified_time\" content=\"2022-09-06T02:16:33+00:00\" \/>\n<meta property=\"og:image\" content=\"https:\/\/luciomosquini.com.br\/wp-content\/uploads\/2022\/09\/9.jpg\" \/>\n\t<meta property=\"og:image:width\" content=\"1600\" \/>\n\t<meta property=\"og:image:height\" content=\"1200\" \/>\n\t<meta property=\"og:image:type\" content=\"image\/jpeg\" \/>\n<meta name=\"author\" content=\"Rodrigo Rodrigues\" \/>\n<meta name=\"twitter:card\" content=\"summary_large_image\" \/>\n<meta name=\"twitter:label1\" content=\"Escrito por\" \/>\n\t<meta name=\"twitter:data1\" content=\"Rodrigo Rodrigues\" \/>\n\t<meta name=\"twitter:label2\" content=\"Est. tempo de leitura\" \/>\n\t<meta name=\"twitter:data2\" content=\"2 minutos\" \/>\n<script type=\"application\/ld+json\" class=\"yoast-schema-graph\">{\"@context\":\"https:\/\/schema.org\",\"@graph\":[{\"@type\":\"Article\",\"@id\":\"https:\/\/luciomosquini.com.br\/index.php\/2022\/09\/05\/reuniao-de-apoio-a-mosquini-e-negao-filho-do-isau-reune-mais-de-500-pessoas-na-noite-desta-segunda-feira-05-em-ji-parana\/#article\",\"isPartOf\":{\"@id\":\"https:\/\/luciomosquini.com.br\/index.php\/2022\/09\/05\/reuniao-de-apoio-a-mosquini-e-negao-filho-do-isau-reune-mais-de-500-pessoas-na-noite-desta-segunda-feira-05-em-ji-parana\/\"},\"author\":{\"name\":\"Rodrigo Rodrigues\",\"@id\":\"https:\/\/luciomosquini.com.br\/#\/schema\/person\/3fea2deed4e6d070605f46beb360cc18\"},\"headline\":\"Reuni\u00e3o de apoio \u00e0 Mosquini e Neg\u00e3o filho do Isa\u00fa re\u00fane mais de 500 pessoas na noite desta segunda-feira (05) em Ji-Paran\u00e1\",\"datePublished\":\"2022-09-06T02:16:32+00:00\",\"dateModified\":\"2022-09-06T02:16:33+00:00\",\"mainEntityOfPage\":{\"@id\":\"https:\/\/luciomosquini.com.br\/index.php\/2022\/09\/05\/reuniao-de-apoio-a-mosquini-e-negao-filho-do-isau-reune-mais-de-500-pessoas-na-noite-desta-segunda-feira-05-em-ji-parana\/\"},\"wordCount\":129,\"commentCount\":0,\"publisher\":{\"@id\":\"https:\/\/luciomosquini.com.br\/#organization\"},\"articleSection\":[\"Eventos\"],\"inLanguage\":\"pt-BR\",\"potentialAction\":[{\"@type\":\"CommentAction\",\"name\":\"Comment\",\"target\":[\"https:\/\/luciomosquini.com.br\/index.php\/2022\/09\/05\/reuniao-de-apoio-a-mosquini-e-negao-filho-do-isau-reune-mais-de-500-pessoas-na-noite-desta-segunda-feira-05-em-ji-parana\/#respond\"]}]},{\"@type\":\"WebPage\",\"@id\":\"https:\/\/luciomosquini.com.br\/index.php\/2022\/09\/05\/reuniao-de-apoio-a-mosquini-e-negao-filho-do-isau-reune-mais-de-500-pessoas-na-noite-desta-segunda-feira-05-em-ji-parana\/\",\"url\":\"https:\/\/luciomosquini.com.br\/index.php\/2022\/09\/05\/reuniao-de-apoio-a-mosquini-e-negao-filho-do-isau-reune-mais-de-500-pessoas-na-noite-desta-segunda-feira-05-em-ji-parana\/\",\"name\":\"Reuni\u00e3o de apoio \u00e0 Mosquini e Neg\u00e3o filho do Isa\u00fa re\u00fane mais de 500 pessoas na noite desta segunda-feira (05) em Ji-Paran\u00e1 - Lucio Mosquini\",\"isPartOf\":{\"@id\":\"https:\/\/luciomosquini.com.br\/#website\"},\"datePublished\":\"2022-09-06T02:16:32+00:00\",\"dateModified\":\"2022-09-06T02:16:33+00:00\",\"breadcrumb\":{\"@id\":\"https:\/\/luciomosquini.com.br\/index.php\/2022\/09\/05\/reuniao-de-apoio-a-mosquini-e-negao-filho-do-isau-reune-mais-de-500-pessoas-na-noite-desta-segunda-feira-05-em-ji-parana\/#breadcrumb\"},\"inLanguage\":\"pt-BR\",\"potentialAction\":[{\"@type\":\"ReadAction\",\"target\":[\"https:\/\/luciomosquini.com.br\/index.php\/2022\/09\/05\/reuniao-de-apoio-a-mosquini-e-negao-filho-do-isau-reune-mais-de-500-pessoas-na-noite-desta-segunda-feira-05-em-ji-parana\/\"]}]},{\"@type\":\"BreadcrumbList\",\"@id\":\"https:\/\/luciomosquini.com.br\/index.php\/2022\/09\/05\/reuniao-de-apoio-a-mosquini-e-negao-filho-do-isau-reune-mais-de-500-pessoas-na-noite-desta-segunda-feira-05-em-ji-parana\/#breadcrumb\",\"itemListElement\":[{\"@type\":\"ListItem\",\"position\":1,\"name\":\"In\u00edcio\",\"item\":\"https:\/\/luciomosquini.com.br\/\"},{\"@type\":\"ListItem\",\"position\":2,\"name\":\"Reuni\u00e3o de apoio \u00e0 Mosquini e Neg\u00e3o filho do Isa\u00fa re\u00fane mais de 500 pessoas na noite desta segunda-feira (05) em Ji-Paran\u00e1\"}]},{\"@type\":\"WebSite\",\"@id\":\"https:\/\/luciomosquini.com.br\/#website\",\"url\":\"https:\/\/luciomosquini.com.br\/\",\"name\":\"Lucio Mosquini\",\"description\":\"Deputado Federal\",\"publisher\":{\"@id\":\"https:\/\/luciomosquini.com.br\/#organization\"},\"potentialAction\":[{\"@type\":\"SearchAction\",\"target\":{\"@type\":\"EntryPoint\",\"urlTemplate\":\"https:\/\/luciomosquini.com.br\/?s={search_term_string}\"},\"query-input\":\"required name=search_term_string\"}],\"inLanguage\":\"pt-BR\"},{\"@type\":\"Organization\",\"@id\":\"https:\/\/luciomosquini.com.br\/#organization\",\"name\":\"Lucio Mosquini\",\"url\":\"https:\/\/luciomosquini.com.br\/\",\"logo\":{\"@type\":\"ImageObject\",\"inLanguage\":\"pt-BR\",\"@id\":\"https:\/\/luciomosquini.com.br\/#\/schema\/logo\/image\/\",\"url\":\"https:\/\/luciomosquini.com.br\/wp-content\/uploads\/2022\/07\/logo-para-premiere.png\",\"contentUrl\":\"https:\/\/luciomosquini.com.br\/wp-content\/uploads\/2022\/07\/logo-para-premiere.png\",\"width\":454,\"height\":340,\"caption\":\"Lucio Mosquini\"},\"image\":{\"@id\":\"https:\/\/luciomosquini.com.br\/#\/schema\/logo\/image\/\"},\"sameAs\":[\"https:\/\/www.facebook.com\/deputadoluciomosquini\",\"https:\/\/www.instagram.com\/luciomosquini\/?igshid=YmMyMTA2M2Y\",\"https:\/\/www.youtube.com\/channel\/UCEPh9IG3XejarUwPtRcsHBw\"]},{\"@type\":\"Person\",\"@id\":\"https:\/\/luciomosquini.com.br\/#\/schema\/person\/3fea2deed4e6d070605f46beb360cc18\",\"name\":\"Rodrigo Rodrigues\",\"image\":{\"@type\":\"ImageObject\",\"inLanguage\":\"pt-BR\",\"@id\":\"https:\/\/luciomosquini.com.br\/#\/schema\/person\/image\/\",\"url\":\"https:\/\/secure.gravatar.com\/avatar\/64774e332436de0cd1ac4a0edff46635?s=96&d=mm&r=g\",\"contentUrl\":\"https:\/\/secure.gravatar.com\/avatar\/64774e332436de0cd1ac4a0edff46635?s=96&d=mm&r=g\",\"caption\":\"Rodrigo Rodrigues\"},\"url\":\"https:\/\/luciomosquini.com.br\/index.php\/author\/rodrigorodrigues\/\"}]}<\/script>\n<!-- \/ Yoast SEO plugin. -->","yoast_head_json":{"title":"Reuni\u00e3o de apoio \u00e0 Mosquini e Neg\u00e3o filho do Isa\u00fa re\u00fane mais de 500 pessoas na noite desta segunda-feira (05) em Ji-Paran\u00e1 - Lucio Mosquini","robots":{"index":"index","follow":"follow","max-snippet":"max-snippet:-1","max-image-preview":"max-image-preview:large","max-video-preview":"max-video-preview:-1"},"canonical":"https:\/\/luciomosquini.com.br\/index.php\/2022\/09\/05\/reuniao-de-apoio-a-mosquini-e-negao-filho-do-isau-reune-mais-de-500-pessoas-na-noite-desta-segunda-feira-05-em-ji-parana\/","og_locale":"pt_BR","og_type":"article","og_title":"Reuni\u00e3o de apoio \u00e0 Mosquini e Neg\u00e3o filho do Isa\u00fa re\u00fane mais de 500 pessoas na noite desta segunda-feira (05) em Ji-Paran\u00e1 - Lucio Mosquini","og_description":"\u201cAinda sem acreditar no dia de hoje! Fechando a noite com essa mega reuni\u00e3o organizada pelo nosso amigo Jonatas Fran\u00e7a, e nosso candidato a deputado estadual Neg\u00e3o Filho do Isa\u00fa. Muita demonstra\u00e7\u00e3o de carinho e apoio dos meus amigos jiparanaenses, voc\u00eas s\u00e3o incr\u00edveis, a casa encheu e faltou lugar para acomodar todo mundo. Isso nos [&hellip;]","og_url":"https:\/\/luciomosquini.com.br\/index.php\/2022\/09\/05\/reuniao-de-apoio-a-mosquini-e-negao-filho-do-isau-reune-mais-de-500-pessoas-na-noite-desta-segunda-feira-05-em-ji-parana\/","og_site_name":"Lucio Mosquini","article_publisher":"https:\/\/www.facebook.com\/deputadoluciomosquini","article_published_time":"2022-09-06T02:16:32+00:00","article_modified_time":"2022-09-06T02:16:33+00:00","og_image":[{"width":1600,"height":1200,"url":"https:\/\/luciomosquini.com.br\/wp-content\/uploads\/2022\/09\/9.jpg","type":"image\/jpeg"}],"author":"Rodrigo Rodrigues","twitter_card":"summary_large_image","twitter_misc":{"Escrito por":"Rodrigo Rodrigues","Est. tempo de leitura":"2 minutos"},"schema":{"@context":"https:\/\/schema.org","@graph":[{"@type":"Article","@id":"https:\/\/luciomosquini.com.br\/index.php\/2022\/09\/05\/reuniao-de-apoio-a-mosquini-e-negao-filho-do-isau-reune-mais-de-500-pessoas-na-noite-desta-segunda-feira-05-em-ji-parana\/#article","isPartOf":{"@id":"https:\/\/luciomosquini.com.br\/index.php\/2022\/09\/05\/reuniao-de-apoio-a-mosquini-e-negao-filho-do-isau-reune-mais-de-500-pessoas-na-noite-desta-segunda-feira-05-em-ji-parana\/"},"author":{"name":"Rodrigo Rodrigues","@id":"https:\/\/luciomosquini.com.br\/#\/schema\/person\/3fea2deed4e6d070605f46beb360cc18"},"headline":"Reuni\u00e3o de apoio \u00e0 Mosquini e Neg\u00e3o filho do Isa\u00fa re\u00fane mais de 500 pessoas na noite desta segunda-feira (05) em Ji-Paran\u00e1","datePublished":"2022-09-06T02:16:32+00:00","dateModified":"2022-09-06T02:16:33+00:00","mainEntityOfPage":{"@id":"https:\/\/luciomosquini.com.br\/index.php\/2022\/09\/05\/reuniao-de-apoio-a-mosquini-e-negao-filho-do-isau-reune-mais-de-500-pessoas-na-noite-desta-segunda-feira-05-em-ji-parana\/"},"wordCount":129,"commentCount":0,"publisher":{"@id":"https:\/\/luciomosquini.com.br\/#organization"},"articleSection":["Eventos"],"inLanguage":"pt-BR","potentialAction":[{"@type":"CommentAction","name":"Comment","target":["https:\/\/luciomosquini.com.br\/index.php\/2022\/09\/05\/reuniao-de-apoio-a-mosquini-e-negao-filho-do-isau-reune-mais-de-500-pessoas-na-noite-desta-segunda-feira-05-em-ji-parana\/#respond"]}]},{"@type":"WebPage","@id":"https:\/\/luciomosquini.com.br\/index.php\/2022\/09\/05\/reuniao-de-apoio-a-mosquini-e-negao-filho-do-isau-reune-mais-de-500-pessoas-na-noite-desta-segunda-feira-05-em-ji-parana\/","url":"https:\/\/luciomosquini.com.br\/index.php\/2022\/09\/05\/reuniao-de-apoio-a-mosquini-e-negao-filho-do-isau-reune-mais-de-500-pessoas-na-noite-desta-segunda-feira-05-em-ji-parana\/","name":"Reuni\u00e3o de apoio \u00e0 Mosquini e Neg\u00e3o filho do Isa\u00fa re\u00fane mais de 500 pessoas na noite desta segunda-feira (05) em Ji-Paran\u00e1 - Lucio Mosquini","isPartOf":{"@id":"https:\/\/luciomosquini.com.br\/#website"},"datePublished":"2022-09-06T02:16:32+00:00","dateModified":"2022-09-06T02:16:33+00:00","breadcrumb":{"@id":"https:\/\/luciomosquini.com.br\/index.php\/2022\/09\/05\/reuniao-de-apoio-a-mosquini-e-negao-filho-do-isau-reune-mais-de-500-pessoas-na-noite-desta-segunda-feira-05-em-ji-parana\/#breadcrumb"},"inLanguage":"pt-BR","potentialAction":[{"@type":"ReadAction","target":["https:\/\/luciomosquini.com.br\/index.php\/2022\/09\/05\/reuniao-de-apoio-a-mosquini-e-negao-filho-do-isau-reune-mais-de-500-pessoas-na-noite-desta-segunda-feira-05-em-ji-parana\/"]}]},{"@type":"BreadcrumbList","@id":"https:\/\/luciomosquini.com.br\/index.php\/2022\/09\/05\/reuniao-de-apoio-a-mosquini-e-negao-filho-do-isau-reune-mais-de-500-pessoas-na-noite-desta-segunda-feira-05-em-ji-parana\/#breadcrumb","itemListElement":[{"@type":"ListItem","position":1,"name":"In\u00edcio","item":"https:\/\/luciomosquini.com.br\/"},{"@type":"ListItem","position":2,"name":"Reuni\u00e3o de apoio \u00e0 Mosquini e Neg\u00e3o filho do Isa\u00fa re\u00fane mais de 500 pessoas na noite desta segunda-feira (05) em Ji-Paran\u00e1"}]},{"@type":"WebSite","@id":"https:\/\/luciomosquini.com.br\/#website","url":"https:\/\/luciomosquini.com.br\/","name":"Lucio Mosquini","description":"Deputado Federal","publisher":{"@id":"https:\/\/luciomosquini.com.br\/#organization"},"potentialAction":[{"@type":"SearchAction","target":{"@type":"EntryPoint","urlTemplate":"https:\/\/luciomosquini.com.br\/?s={search_term_string}"},"query-input":"required name=search_term_string"}],"inLanguage":"pt-BR"},{"@type":"Organization","@id":"https:\/\/luciomosquini.com.br\/#organization","name":"Lucio Mosquini","url":"https:\/\/luciomosquini.com.br\/","logo":{"@type":"ImageObject","inLanguage":"pt-BR","@id":"https:\/\/luciomosquini.com.br\/#\/schema\/logo\/image\/","url":"https:\/\/luciomosquini.com.br\/wp-content\/uploads\/2022\/07\/logo-para-premiere.png","contentUrl":"https:\/\/luciomosquini.com.br\/wp-content\/uploads\/2022\/07\/logo-para-premiere.png","width":454,"height":340,"caption":"Lucio Mosquini"},"image":{"@id":"https:\/\/luciomosquini.com.br\/#\/schema\/logo\/image\/"},"sameAs":["https:\/\/www.facebook.com\/deputadoluciomosquini","https:\/\/www.instagram.com\/luciomosquini\/?igshid=YmMyMTA2M2Y","https:\/\/www.youtube.com\/channel\/UCEPh9IG3XejarUwPtRcsHBw"]},{"@type":"Person","@id":"https:\/\/luciomosquini.com.br\/#\/schema\/person\/3fea2deed4e6d070605f46beb360cc18","name":"Rodrigo Rodrigues","image":{"@type":"ImageObject","inLanguage":"pt-BR","@id":"https:\/\/luciomosquini.com.br\/#\/schema\/person\/image\/","url":"https:\/\/secure.gravatar.com\/avatar\/64774e332436de0cd1ac4a0edff46635?s=96&d=mm&r=g","contentUrl":"https:\/\/secure.gravatar.com\/avatar\/64774e332436de0cd1ac4a0edff46635?s=96&d=mm&r=g","caption":"Rodrigo Rodrigues"},"url":"https:\/\/luciomosquini.com.br\/index.php\/author\/rodrigorodrigues\/"}]}},"views":28,"_links":{"self":[{"href":"https:\/\/luciomosquini.com.br\/index.php\/wp-json\/wp\/v2\/posts\/1651"}],"collection":[{"href":"https:\/\/luciomosquini.com.br\/index.php\/wp-json\/wp\/v2\/posts"}],"about":[{"href":"https:\/\/luciomosquini.com.br\/index.php\/wp-json\/wp\/v2\/types\/post"}],"author":[{"embeddable":true,"href":"https:\/\/luciomosquini.com.br\/index.php\/wp-json\/wp\/v2\/users\/2"}],"replies":[{"embeddable":true,"href":"https:\/\/luciomosquini.com.br\/index.php\/wp-json\/wp\/v2\/comments?post=1651"}],"version-history":[{"count":1,"href":"https:\/\/luciomosquini.com.br\/index.php\/wp-json\/wp\/v2\/posts\/1651\/revisions"}],"predecessor-version":[{"id":1654,"href":"https:\/\/luciomosquini.com.br\/index.php\/wp-json\/wp\/v2\/posts\/1651\/revisions\/1654"}],"wp:featuredmedia":[{"embeddable":true,"href":"https:\/\/luciomosquini.com.br\/index.php\/wp-json\/wp\/v2\/media\/1652"}],"wp:attachment":[{"href":"https:\/\/luciomosquini.com.br\/index.php\/wp-json\/wp\/v2\/media?parent=1651"}],"wp:term":[{"taxonomy":"category","embeddable":true,"href":"https:\/\/luciomosquini.com.br\/index.php\/wp-json\/wp\/v2\/categories?post=1651"},{"taxonomy":"post_tag","embeddable":true,"href":"https:\/\/luciomosquini.com.br\/index.php\/wp-json\/wp\/v2\/tags?post=1651"}],"curies":[{"name":"wp","href":"https:\/\/api.w.org\/{rel}","templated":true}]}}