{"id":2125,"date":"2023-07-07T12:47:32","date_gmt":"2023-07-07T16:47:32","guid":{"rendered":"https:\/\/luciomosquini.com.br\/?p=2125"},"modified":"2023-07-07T12:47:34","modified_gmt":"2023-07-07T16:47:34","slug":"deputado-lucio-mosquini-convida-populacao-para-inauguracao-da-nova-arquibancada-do-estadio-leal-chapelao","status":"publish","type":"post","link":"https:\/\/luciomosquini.com.br\/index.php\/2023\/07\/07\/deputado-lucio-mosquini-convida-populacao-para-inauguracao-da-nova-arquibancada-do-estadio-leal-chapelao\/","title":{"rendered":"Deputado Lucio Mosquini convida popula\u00e7\u00e3o para inaugura\u00e7\u00e3o da nova arquibancada do est\u00e1dio Leal Chapel\u00e3o\u00a0"},"content":{"rendered":"\n<p><\/p>\n\n\n\n<p>A nova arquibancada do est\u00e1dio municipal Leal Chapel\u00e3o em Jaru, est\u00e1 conclu\u00edda e ser\u00e1 inaugurada no pr\u00f3ximo s\u00e1bado (08).<\/p>\n\n\n\n<p>A boa not\u00edcia foi confirmada pelo deputado federal Lucio Mosquini, que viabilizou o recurso para constru\u00e7\u00e3o.<\/p>\n\n\n\n<p>Essa \u00e9 mais uma obra conclu\u00edda fruto do alinhamento pol\u00edtico entre o deputado federal Lucio Mosquini e a prefeitura municipal de Jaru.<\/p>\n\n\n\n<p>\u00a0O investimento no est\u00e1dio municipal foi um pedido do vereador Paul\u00e3o do Esporte. Para a constru\u00e7\u00e3o da nova arquibancada Mosquini destinou emenda parlamentar no valor de R$ 1 milh\u00e3o de reais, com contrapartida da prefeitura municipal.<\/p>\n\n\n\n<p>E para a inaugura\u00e7\u00e3o, a prefeitura de Jaru, atrav\u00e9s da Semecelt, j\u00e1 se programa para promover um grandioso torneio de futebol de campo na categoria masculino e futebol Society no feminino.\u00a0<\/p>\n\n\n\n<p>\u201cO munic\u00edpio de Jaru possui um dos melhores campos de futebol do Estado, e o que era bom ficou melhor com essa arquibancada\u201d.\u00a0<\/p>\n\n\n\n<p>Mosquini convida toda popula\u00e7\u00e3o para participar juntamente com ele, com prefeito Jo\u00e3ozinho e o vice-prefeito Jeverson Lima, para solenidade de inaugura\u00e7\u00e3o que acontecer\u00e1 no pr\u00f3ximo s\u00e1bado, \u00e0s 19 horas, no est\u00e1dio Leal Chapel\u00e3o.<\/p>\n\n\n\n<figure class=\"wp-block-image size-large\"><img loading=\"lazy\" width=\"819\" height=\"1024\" src=\"https:\/\/luciomosquini.com.br\/wp-content\/uploads\/2023\/07\/29fbbecf-28ca-4aa7-ab8c-13aadc14c031-819x1024.jpeg\" alt=\"\" class=\"wp-image-2126\" srcset=\"https:\/\/luciomosquini.com.br\/wp-content\/uploads\/2023\/07\/29fbbecf-28ca-4aa7-ab8c-13aadc14c031-819x1024.jpeg 819w, https:\/\/luciomosquini.com.br\/wp-content\/uploads\/2023\/07\/29fbbecf-28ca-4aa7-ab8c-13aadc14c031-240x300.jpeg 240w, https:\/\/luciomosquini.com.br\/wp-content\/uploads\/2023\/07\/29fbbecf-28ca-4aa7-ab8c-13aadc14c031-768x960.jpeg 768w, https:\/\/luciomosquini.com.br\/wp-content\/uploads\/2023\/07\/29fbbecf-28ca-4aa7-ab8c-13aadc14c031.jpeg 1080w\" sizes=\"(max-width: 819px) 100vw, 819px\" \/><\/figure>\n","protected":false},"excerpt":{"rendered":"<p>A nova arquibancada do est\u00e1dio municipal Leal Chapel\u00e3o em Jaru, est\u00e1 conclu\u00edda e ser\u00e1 inaugurada no pr\u00f3ximo s\u00e1bado (08). A boa not\u00edcia foi confirmada pelo deputado federal Lucio Mosquini, que viabilizou o recurso para constru\u00e7\u00e3o. Essa \u00e9 mais uma obra conclu\u00edda fruto do alinhamento pol\u00edtico entre o deputado federal Lucio Mosquini e a prefeitura municipal [&hellip;]<\/p>\n","protected":false},"author":2,"featured_media":2126,"comment_status":"open","ping_status":"open","sticky":false,"template":"","format":"standard","meta":[],"categories":[92],"tags":[],"yoast_head":"<!-- This site is optimized with the Yoast SEO plugin v20.6 - https:\/\/yoast.com\/wordpress\/plugins\/seo\/ -->\n<title>Deputado Lucio Mosquini convida popula\u00e7\u00e3o para inaugura\u00e7\u00e3o da nova arquibancada do est\u00e1dio Leal Chapel\u00e3o\u00a0 - Lucio Mosquini<\/title>\n<meta name=\"robots\" content=\"index, follow, max-snippet:-1, max-image-preview:large, max-video-preview:-1\" \/>\n<link rel=\"canonical\" href=\"https:\/\/luciomosquini.com.br\/index.php\/2023\/07\/07\/deputado-lucio-mosquini-convida-populacao-para-inauguracao-da-nova-arquibancada-do-estadio-leal-chapelao\/\" \/>\n<meta property=\"og:locale\" content=\"pt_BR\" \/>\n<meta property=\"og:type\" content=\"article\" \/>\n<meta property=\"og:title\" content=\"Deputado Lucio Mosquini convida popula\u00e7\u00e3o para inaugura\u00e7\u00e3o da nova arquibancada do est\u00e1dio Leal Chapel\u00e3o\u00a0 - Lucio Mosquini\" \/>\n<meta property=\"og:description\" content=\"A nova arquibancada do est\u00e1dio municipal Leal Chapel\u00e3o em Jaru, est\u00e1 conclu\u00edda e ser\u00e1 inaugurada no pr\u00f3ximo s\u00e1bado (08). A boa not\u00edcia foi confirmada pelo deputado federal Lucio Mosquini, que viabilizou o recurso para constru\u00e7\u00e3o. Essa \u00e9 mais uma obra conclu\u00edda fruto do alinhamento pol\u00edtico entre o deputado federal Lucio Mosquini e a prefeitura municipal [&hellip;]\" \/>\n<meta property=\"og:url\" content=\"https:\/\/luciomosquini.com.br\/index.php\/2023\/07\/07\/deputado-lucio-mosquini-convida-populacao-para-inauguracao-da-nova-arquibancada-do-estadio-leal-chapelao\/\" \/>\n<meta property=\"og:site_name\" content=\"Lucio Mosquini\" \/>\n<meta property=\"article:publisher\" content=\"https:\/\/www.facebook.com\/deputadoluciomosquini\" \/>\n<meta property=\"article:published_time\" content=\"2023-07-07T16:47:32+00:00\" \/>\n<meta property=\"article:modified_time\" content=\"2023-07-07T16:47:34+00:00\" \/>\n<meta property=\"og:image\" content=\"https:\/\/luciomosquini.com.br\/wp-content\/uploads\/2023\/07\/29fbbecf-28ca-4aa7-ab8c-13aadc14c031.jpeg\" \/>\n\t<meta property=\"og:image:width\" content=\"1080\" \/>\n\t<meta property=\"og:image:height\" content=\"1350\" \/>\n\t<meta property=\"og:image:type\" content=\"image\/jpeg\" \/>\n<meta name=\"author\" content=\"Rodrigo Rodrigues\" \/>\n<meta name=\"twitter:card\" content=\"summary_large_image\" \/>\n<meta name=\"twitter:label1\" content=\"Escrito por\" \/>\n\t<meta name=\"twitter:data1\" content=\"Rodrigo Rodrigues\" \/>\n\t<meta name=\"twitter:label2\" content=\"Est. tempo de leitura\" \/>\n\t<meta name=\"twitter:data2\" content=\"2 minutos\" \/>\n<script type=\"application\/ld+json\" class=\"yoast-schema-graph\">{\"@context\":\"https:\/\/schema.org\",\"@graph\":[{\"@type\":\"Article\",\"@id\":\"https:\/\/luciomosquini.com.br\/index.php\/2023\/07\/07\/deputado-lucio-mosquini-convida-populacao-para-inauguracao-da-nova-arquibancada-do-estadio-leal-chapelao\/#article\",\"isPartOf\":{\"@id\":\"https:\/\/luciomosquini.com.br\/index.php\/2023\/07\/07\/deputado-lucio-mosquini-convida-populacao-para-inauguracao-da-nova-arquibancada-do-estadio-leal-chapelao\/\"},\"author\":{\"name\":\"Rodrigo Rodrigues\",\"@id\":\"https:\/\/luciomosquini.com.br\/#\/schema\/person\/3fea2deed4e6d070605f46beb360cc18\"},\"headline\":\"Deputado Lucio Mosquini convida popula\u00e7\u00e3o para inaugura\u00e7\u00e3o da nova arquibancada do est\u00e1dio Leal Chapel\u00e3o\u00a0\",\"datePublished\":\"2023-07-07T16:47:32+00:00\",\"dateModified\":\"2023-07-07T16:47:34+00:00\",\"mainEntityOfPage\":{\"@id\":\"https:\/\/luciomosquini.com.br\/index.php\/2023\/07\/07\/deputado-lucio-mosquini-convida-populacao-para-inauguracao-da-nova-arquibancada-do-estadio-leal-chapelao\/\"},\"wordCount\":220,\"commentCount\":0,\"publisher\":{\"@id\":\"https:\/\/luciomosquini.com.br\/#organization\"},\"articleSection\":[\"Not\u00edcias\"],\"inLanguage\":\"pt-BR\",\"potentialAction\":[{\"@type\":\"CommentAction\",\"name\":\"Comment\",\"target\":[\"https:\/\/luciomosquini.com.br\/index.php\/2023\/07\/07\/deputado-lucio-mosquini-convida-populacao-para-inauguracao-da-nova-arquibancada-do-estadio-leal-chapelao\/#respond\"]}]},{\"@type\":\"WebPage\",\"@id\":\"https:\/\/luciomosquini.com.br\/index.php\/2023\/07\/07\/deputado-lucio-mosquini-convida-populacao-para-inauguracao-da-nova-arquibancada-do-estadio-leal-chapelao\/\",\"url\":\"https:\/\/luciomosquini.com.br\/index.php\/2023\/07\/07\/deputado-lucio-mosquini-convida-populacao-para-inauguracao-da-nova-arquibancada-do-estadio-leal-chapelao\/\",\"name\":\"Deputado Lucio Mosquini convida popula\u00e7\u00e3o para inaugura\u00e7\u00e3o da nova arquibancada do est\u00e1dio Leal Chapel\u00e3o\u00a0 - Lucio Mosquini\",\"isPartOf\":{\"@id\":\"https:\/\/luciomosquini.com.br\/#website\"},\"datePublished\":\"2023-07-07T16:47:32+00:00\",\"dateModified\":\"2023-07-07T16:47:34+00:00\",\"breadcrumb\":{\"@id\":\"https:\/\/luciomosquini.com.br\/index.php\/2023\/07\/07\/deputado-lucio-mosquini-convida-populacao-para-inauguracao-da-nova-arquibancada-do-estadio-leal-chapelao\/#breadcrumb\"},\"inLanguage\":\"pt-BR\",\"potentialAction\":[{\"@type\":\"ReadAction\",\"target\":[\"https:\/\/luciomosquini.com.br\/index.php\/2023\/07\/07\/deputado-lucio-mosquini-convida-populacao-para-inauguracao-da-nova-arquibancada-do-estadio-leal-chapelao\/\"]}]},{\"@type\":\"BreadcrumbList\",\"@id\":\"https:\/\/luciomosquini.com.br\/index.php\/2023\/07\/07\/deputado-lucio-mosquini-convida-populacao-para-inauguracao-da-nova-arquibancada-do-estadio-leal-chapelao\/#breadcrumb\",\"itemListElement\":[{\"@type\":\"ListItem\",\"position\":1,\"name\":\"In\u00edcio\",\"item\":\"https:\/\/luciomosquini.com.br\/\"},{\"@type\":\"ListItem\",\"position\":2,\"name\":\"Deputado Lucio Mosquini convida popula\u00e7\u00e3o para inaugura\u00e7\u00e3o da nova arquibancada do est\u00e1dio Leal Chapel\u00e3o\u00a0\"}]},{\"@type\":\"WebSite\",\"@id\":\"https:\/\/luciomosquini.com.br\/#website\",\"url\":\"https:\/\/luciomosquini.com.br\/\",\"name\":\"Lucio Mosquini\",\"description\":\"Deputado Federal\",\"publisher\":{\"@id\":\"https:\/\/luciomosquini.com.br\/#organization\"},\"potentialAction\":[{\"@type\":\"SearchAction\",\"target\":{\"@type\":\"EntryPoint\",\"urlTemplate\":\"https:\/\/luciomosquini.com.br\/?s={search_term_string}\"},\"query-input\":\"required name=search_term_string\"}],\"inLanguage\":\"pt-BR\"},{\"@type\":\"Organization\",\"@id\":\"https:\/\/luciomosquini.com.br\/#organization\",\"name\":\"Lucio Mosquini\",\"url\":\"https:\/\/luciomosquini.com.br\/\",\"logo\":{\"@type\":\"ImageObject\",\"inLanguage\":\"pt-BR\",\"@id\":\"https:\/\/luciomosquini.com.br\/#\/schema\/logo\/image\/\",\"url\":\"https:\/\/luciomosquini.com.br\/wp-content\/uploads\/2022\/07\/logo-para-premiere.png\",\"contentUrl\":\"https:\/\/luciomosquini.com.br\/wp-content\/uploads\/2022\/07\/logo-para-premiere.png\",\"width\":454,\"height\":340,\"caption\":\"Lucio Mosquini\"},\"image\":{\"@id\":\"https:\/\/luciomosquini.com.br\/#\/schema\/logo\/image\/\"},\"sameAs\":[\"https:\/\/www.facebook.com\/deputadoluciomosquini\",\"https:\/\/www.instagram.com\/luciomosquini\/?igshid=YmMyMTA2M2Y\",\"https:\/\/www.youtube.com\/channel\/UCEPh9IG3XejarUwPtRcsHBw\"]},{\"@type\":\"Person\",\"@id\":\"https:\/\/luciomosquini.com.br\/#\/schema\/person\/3fea2deed4e6d070605f46beb360cc18\",\"name\":\"Rodrigo Rodrigues\",\"image\":{\"@type\":\"ImageObject\",\"inLanguage\":\"pt-BR\",\"@id\":\"https:\/\/luciomosquini.com.br\/#\/schema\/person\/image\/\",\"url\":\"https:\/\/secure.gravatar.com\/avatar\/64774e332436de0cd1ac4a0edff46635?s=96&d=mm&r=g\",\"contentUrl\":\"https:\/\/secure.gravatar.com\/avatar\/64774e332436de0cd1ac4a0edff46635?s=96&d=mm&r=g\",\"caption\":\"Rodrigo Rodrigues\"},\"url\":\"https:\/\/luciomosquini.com.br\/index.php\/author\/rodrigorodrigues\/\"}]}<\/script>\n<!-- \/ Yoast SEO plugin. -->","yoast_head_json":{"title":"Deputado Lucio Mosquini convida popula\u00e7\u00e3o para inaugura\u00e7\u00e3o da nova arquibancada do est\u00e1dio Leal Chapel\u00e3o\u00a0 - Lucio Mosquini","robots":{"index":"index","follow":"follow","max-snippet":"max-snippet:-1","max-image-preview":"max-image-preview:large","max-video-preview":"max-video-preview:-1"},"canonical":"https:\/\/luciomosquini.com.br\/index.php\/2023\/07\/07\/deputado-lucio-mosquini-convida-populacao-para-inauguracao-da-nova-arquibancada-do-estadio-leal-chapelao\/","og_locale":"pt_BR","og_type":"article","og_title":"Deputado Lucio Mosquini convida popula\u00e7\u00e3o para inaugura\u00e7\u00e3o da nova arquibancada do est\u00e1dio Leal Chapel\u00e3o\u00a0 - Lucio Mosquini","og_description":"A nova arquibancada do est\u00e1dio municipal Leal Chapel\u00e3o em Jaru, est\u00e1 conclu\u00edda e ser\u00e1 inaugurada no pr\u00f3ximo s\u00e1bado (08). A boa not\u00edcia foi confirmada pelo deputado federal Lucio Mosquini, que viabilizou o recurso para constru\u00e7\u00e3o. Essa \u00e9 mais uma obra conclu\u00edda fruto do alinhamento pol\u00edtico entre o deputado federal Lucio Mosquini e a prefeitura municipal [&hellip;]","og_url":"https:\/\/luciomosquini.com.br\/index.php\/2023\/07\/07\/deputado-lucio-mosquini-convida-populacao-para-inauguracao-da-nova-arquibancada-do-estadio-leal-chapelao\/","og_site_name":"Lucio Mosquini","article_publisher":"https:\/\/www.facebook.com\/deputadoluciomosquini","article_published_time":"2023-07-07T16:47:32+00:00","article_modified_time":"2023-07-07T16:47:34+00:00","og_image":[{"width":1080,"height":1350,"url":"https:\/\/luciomosquini.com.br\/wp-content\/uploads\/2023\/07\/29fbbecf-28ca-4aa7-ab8c-13aadc14c031.jpeg","type":"image\/jpeg"}],"author":"Rodrigo Rodrigues","twitter_card":"summary_large_image","twitter_misc":{"Escrito por":"Rodrigo Rodrigues","Est. tempo de leitura":"2 minutos"},"schema":{"@context":"https:\/\/schema.org","@graph":[{"@type":"Article","@id":"https:\/\/luciomosquini.com.br\/index.php\/2023\/07\/07\/deputado-lucio-mosquini-convida-populacao-para-inauguracao-da-nova-arquibancada-do-estadio-leal-chapelao\/#article","isPartOf":{"@id":"https:\/\/luciomosquini.com.br\/index.php\/2023\/07\/07\/deputado-lucio-mosquini-convida-populacao-para-inauguracao-da-nova-arquibancada-do-estadio-leal-chapelao\/"},"author":{"name":"Rodrigo Rodrigues","@id":"https:\/\/luciomosquini.com.br\/#\/schema\/person\/3fea2deed4e6d070605f46beb360cc18"},"headline":"Deputado Lucio Mosquini convida popula\u00e7\u00e3o para inaugura\u00e7\u00e3o da nova arquibancada do est\u00e1dio Leal Chapel\u00e3o\u00a0","datePublished":"2023-07-07T16:47:32+00:00","dateModified":"2023-07-07T16:47:34+00:00","mainEntityOfPage":{"@id":"https:\/\/luciomosquini.com.br\/index.php\/2023\/07\/07\/deputado-lucio-mosquini-convida-populacao-para-inauguracao-da-nova-arquibancada-do-estadio-leal-chapelao\/"},"wordCount":220,"commentCount":0,"publisher":{"@id":"https:\/\/luciomosquini.com.br\/#organization"},"articleSection":["Not\u00edcias"],"inLanguage":"pt-BR","potentialAction":[{"@type":"CommentAction","name":"Comment","target":["https:\/\/luciomosquini.com.br\/index.php\/2023\/07\/07\/deputado-lucio-mosquini-convida-populacao-para-inauguracao-da-nova-arquibancada-do-estadio-leal-chapelao\/#respond"]}]},{"@type":"WebPage","@id":"https:\/\/luciomosquini.com.br\/index.php\/2023\/07\/07\/deputado-lucio-mosquini-convida-populacao-para-inauguracao-da-nova-arquibancada-do-estadio-leal-chapelao\/","url":"https:\/\/luciomosquini.com.br\/index.php\/2023\/07\/07\/deputado-lucio-mosquini-convida-populacao-para-inauguracao-da-nova-arquibancada-do-estadio-leal-chapelao\/","name":"Deputado Lucio Mosquini convida popula\u00e7\u00e3o para inaugura\u00e7\u00e3o da nova arquibancada do est\u00e1dio Leal Chapel\u00e3o\u00a0 - Lucio Mosquini","isPartOf":{"@id":"https:\/\/luciomosquini.com.br\/#website"},"datePublished":"2023-07-07T16:47:32+00:00","dateModified":"2023-07-07T16:47:34+00:00","breadcrumb":{"@id":"https:\/\/luciomosquini.com.br\/index.php\/2023\/07\/07\/deputado-lucio-mosquini-convida-populacao-para-inauguracao-da-nova-arquibancada-do-estadio-leal-chapelao\/#breadcrumb"},"inLanguage":"pt-BR","potentialAction":[{"@type":"ReadAction","target":["https:\/\/luciomosquini.com.br\/index.php\/2023\/07\/07\/deputado-lucio-mosquini-convida-populacao-para-inauguracao-da-nova-arquibancada-do-estadio-leal-chapelao\/"]}]},{"@type":"BreadcrumbList","@id":"https:\/\/luciomosquini.com.br\/index.php\/2023\/07\/07\/deputado-lucio-mosquini-convida-populacao-para-inauguracao-da-nova-arquibancada-do-estadio-leal-chapelao\/#breadcrumb","itemListElement":[{"@type":"ListItem","position":1,"name":"In\u00edcio","item":"https:\/\/luciomosquini.com.br\/"},{"@type":"ListItem","position":2,"name":"Deputado Lucio Mosquini convida popula\u00e7\u00e3o para inaugura\u00e7\u00e3o da nova arquibancada do est\u00e1dio Leal Chapel\u00e3o\u00a0"}]},{"@type":"WebSite","@id":"https:\/\/luciomosquini.com.br\/#website","url":"https:\/\/luciomosquini.com.br\/","name":"Lucio Mosquini","description":"Deputado Federal","publisher":{"@id":"https:\/\/luciomosquini.com.br\/#organization"},"potentialAction":[{"@type":"SearchAction","target":{"@type":"EntryPoint","urlTemplate":"https:\/\/luciomosquini.com.br\/?s={search_term_string}"},"query-input":"required name=search_term_string"}],"inLanguage":"pt-BR"},{"@type":"Organization","@id":"https:\/\/luciomosquini.com.br\/#organization","name":"Lucio Mosquini","url":"https:\/\/luciomosquini.com.br\/","logo":{"@type":"ImageObject","inLanguage":"pt-BR","@id":"https:\/\/luciomosquini.com.br\/#\/schema\/logo\/image\/","url":"https:\/\/luciomosquini.com.br\/wp-content\/uploads\/2022\/07\/logo-para-premiere.png","contentUrl":"https:\/\/luciomosquini.com.br\/wp-content\/uploads\/2022\/07\/logo-para-premiere.png","width":454,"height":340,"caption":"Lucio Mosquini"},"image":{"@id":"https:\/\/luciomosquini.com.br\/#\/schema\/logo\/image\/"},"sameAs":["https:\/\/www.facebook.com\/deputadoluciomosquini","https:\/\/www.instagram.com\/luciomosquini\/?igshid=YmMyMTA2M2Y","https:\/\/www.youtube.com\/channel\/UCEPh9IG3XejarUwPtRcsHBw"]},{"@type":"Person","@id":"https:\/\/luciomosquini.com.br\/#\/schema\/person\/3fea2deed4e6d070605f46beb360cc18","name":"Rodrigo Rodrigues","image":{"@type":"ImageObject","inLanguage":"pt-BR","@id":"https:\/\/luciomosquini.com.br\/#\/schema\/person\/image\/","url":"https:\/\/secure.gravatar.com\/avatar\/64774e332436de0cd1ac4a0edff46635?s=96&d=mm&r=g","contentUrl":"https:\/\/secure.gravatar.com\/avatar\/64774e332436de0cd1ac4a0edff46635?s=96&d=mm&r=g","caption":"Rodrigo Rodrigues"},"url":"https:\/\/luciomosquini.com.br\/index.php\/author\/rodrigorodrigues\/"}]}},"views":30,"_links":{"self":[{"href":"https:\/\/luciomosquini.com.br\/index.php\/wp-json\/wp\/v2\/posts\/2125"}],"collection":[{"href":"https:\/\/luciomosquini.com.br\/index.php\/wp-json\/wp\/v2\/posts"}],"about":[{"href":"https:\/\/luciomosquini.com.br\/index.php\/wp-json\/wp\/v2\/types\/post"}],"author":[{"embeddable":true,"href":"https:\/\/luciomosquini.com.br\/index.php\/wp-json\/wp\/v2\/users\/2"}],"replies":[{"embeddable":true,"href":"https:\/\/luciomosquini.com.br\/index.php\/wp-json\/wp\/v2\/comments?post=2125"}],"version-history":[{"count":1,"href":"https:\/\/luciomosquini.com.br\/index.php\/wp-json\/wp\/v2\/posts\/2125\/revisions"}],"predecessor-version":[{"id":2127,"href":"https:\/\/luciomosquini.com.br\/index.php\/wp-json\/wp\/v2\/posts\/2125\/revisions\/2127"}],"wp:featuredmedia":[{"embeddable":true,"href":"https:\/\/luciomosquini.com.br\/index.php\/wp-json\/wp\/v2\/media\/2126"}],"wp:attachment":[{"href":"https:\/\/luciomosquini.com.br\/index.php\/wp-json\/wp\/v2\/media?parent=2125"}],"wp:term":[{"taxonomy":"category","embeddable":true,"href":"https:\/\/luciomosquini.com.br\/index.php\/wp-json\/wp\/v2\/categories?post=2125"},{"taxonomy":"post_tag","embeddable":true,"href":"https:\/\/luciomosquini.com.br\/index.php\/wp-json\/wp\/v2\/tags?post=2125"}],"curies":[{"name":"wp","href":"https:\/\/api.w.org\/{rel}","templated":true}]}}